{"id":4973,"date":"2025-08-12T21:18:11","date_gmt":"2025-08-12T19:18:11","guid":{"rendered":"https:\/\/esport.sze.hu\/?p=4973"},"modified":"2025-08-13T08:53:09","modified_gmt":"2025-08-13T06:53:09","slug":"harom-magyar-versenyzo-a-chicagoi-sim-gaming-expo-challenge-series-lan-dontojeben","status":"publish","type":"post","link":"https:\/\/esport.sze.hu\/en\/eredmenyek\/harom-magyar-versenyzo-a-chicagoi-sim-gaming-expo-challenge-series-lan-dontojeben\/","title":{"rendered":"H\u00e1rom magyar versenyz\u0151 a chicag\u00f3i Sim Gaming Expo \u2013 Challenge Series LAN d\u00f6nt\u0151j\u00e9ben"},"content":{"rendered":"<div class=\"fusion-fullwidth fullwidth-box fusion-builder-row-1 fusion-flex-container has-pattern-background has-mask-background resp-text nonhundred-percent-fullwidth non-hundred-percent-height-scrolling\" style=\"--awb-border-radius-top-left:0px;--awb-border-radius-top-right:0px;--awb-border-radius-bottom-right:0px;--awb-border-radius-bottom-left:0px;--awb-padding-right:0px;--awb-padding-left:0px;--awb-flex-wrap:wrap;\" ><div class=\"fusion-builder-row fusion-row fusion-flex-align-items-flex-start fusion-flex-content-wrap\" style=\"max-width:1420.64px;margin-left: calc(-4% \/ 2 );margin-right: calc(-4% \/ 2 );\"><div class=\"fusion-layout-column fusion_builder_column fusion-builder-column-0 fusion_builder_column_1_1 1_1 fusion-flex-column\" style=\"--awb-bg-size:cover;--awb-width-large:100%;--awb-margin-top-large:0px;--awb-spacing-right-large:1.92%;--awb-margin-bottom-large:40px;--awb-spacing-left-large:1.92%;--awb-width-medium:100%;--awb-order-medium:0;--awb-spacing-right-medium:1.92%;--awb-spacing-left-medium:1.92%;--awb-width-small:100%;--awb-order-small:0;--awb-spacing-right-small:1.92%;--awb-spacing-left-small:1.92%;\"><div class=\"fusion-column-wrapper fusion-column-has-shadow fusion-flex-justify-content-flex-start fusion-content-layout-column\"><div class=\"fusion-text fusion-text-1\" style=\"--awb-content-alignment:justify;--awb-font-size:22px;--awb-margin-right:10%;--awb-margin-left:10%;--awb-text-font-family:&quot;Montserrat&quot;;--awb-text-font-style:normal;--awb-text-font-weight:400;\"><p aria-level=\"2\"><span data-contrast=\"auto\">A kvalifik\u00e1ci\u00f3 t\u00f6bb fordul\u00f3b\u00f3l \u00e1llt, \u00e9s m\u00e1r az els\u0151, rendk\u00edv\u00fcl szoros Time Attack futamon is megmutatkozott versenyz\u0151ink felk\u00e9sz\u00fclts\u00e9ge. A t\u00f6bb mint 1000 indul\u00f3 k\u00f6z\u00f6tt:<\/span><span data-ccp-props=\"{\">\u00a0<\/span><\/p>\n<ul>\n<li aria-setsize=\"-1\" data-leveltext=\"\u25cf\" data-font=\"\" data-listid=\"1\" data-list-defn-props=\"{\" data-aria-posinset=\"1\" data-aria-level=\"1\"><span data-contrast=\"auto\">Ol\u00e1h D\u00e1niel a 2. helyen<\/span><\/li>\n<\/ul>\n<ul>\n<li aria-setsize=\"-1\" data-leveltext=\"\u25cf\" data-font=\"\" data-listid=\"1\" data-list-defn-props=\"{\" data-aria-posinset=\"2\" data-aria-level=\"1\"><span data-contrast=\"auto\">T\u00f3th D\u00e1vid a 3. helyen<\/span><\/li>\n<\/ul>\n<ul>\n<li aria-setsize=\"-1\" data-leveltext=\"\u25cf\" data-font=\"\" data-listid=\"1\" data-list-defn-props=\"{\" data-aria-posinset=\"3\" data-aria-level=\"1\"><span data-contrast=\"auto\">Varga M\u00e1t\u00e9 a 6. helyen v\u00e9gzett.<\/span><\/li>\n<\/ul>\n<p><span class=\"TextRun SCXW243908586 BCX8\" lang=\"HU\" xml:lang=\"HU\" data-contrast=\"auto\"><span class=\"NormalTextRun SCXW243908586 BCX8\">Ezzel magabiztosan jutottak tov\u00e1bb a m\u00e1sodik szakaszba, ahol a 75 leggyorsabb pil\u00f3t\u00e1t h\u00e1rom online futamra osztott\u00e1k be.<\/span><\/span><span class=\"EOP SCXW243908586 BCX8\" data-ccp-props=\"{\">\u00a0<\/span><\/p>\n<\/div><div class=\"fusion-image-element awb-imageframe-style awb-imageframe-style-below awb-imageframe-style-1\" style=\"text-align:center;--awb-margin-bottom:20px;--awb-caption-overlay-color:var(--awb-color8);--awb-caption-title-font-family:var(--h6_typography-font-family);--awb-caption-title-font-weight:var(--h6_typography-font-weight);--awb-caption-title-font-style:var(--h6_typography-font-style);--awb-caption-title-size:var(--h6_typography-font-size);--awb-caption-title-transform:var(--h6_typography-text-transform);--awb-caption-title-line-height:var(--h6_typography-line-height);--awb-caption-title-letter-spacing:var(--h6_typography-letter-spacing);\"><span class=\"fusion-imageframe imageframe-none imageframe-1 hover-type-none\"><img decoding=\"async\" width=\"960\" height=\"540\" alt=\"Mihalidesz M\u00e1t\u00e9\" title=\"YT Thumbnail 4\" src=\"https:\/\/esport.sze.hu\/wp-content\/uploads\/YT_Thumbnail_4.png\" data-orig-src=\"https:\/\/esport.sze.hu\/wp-content\/uploads\/YT_Thumbnail_4-960x540.png\" class=\"lazyload img-responsive wp-image-4974\" srcset=\"data:image\/svg+xml,%3Csvg%20xmlns%3D%27http%3A%2F%2Fwww.w3.org%2F2000%2Fsvg%27%20width%3D%271920%27%20height%3D%271080%27%20viewBox%3D%270%200%201920%201080%27%3E%3Crect%20width%3D%271920%27%20height%3D%271080%27%20fill-opacity%3D%220%22%2F%3E%3C%2Fsvg%3E\" data-srcset=\"https:\/\/esport.sze.hu\/wp-content\/uploads\/YT_Thumbnail_4-200x113.png 200w, https:\/\/esport.sze.hu\/wp-content\/uploads\/YT_Thumbnail_4-400x225.png 400w, https:\/\/esport.sze.hu\/wp-content\/uploads\/YT_Thumbnail_4-600x338.png 600w, https:\/\/esport.sze.hu\/wp-content\/uploads\/YT_Thumbnail_4-800x450.png 800w, https:\/\/esport.sze.hu\/wp-content\/uploads\/YT_Thumbnail_4-1200x675.png 1200w, https:\/\/esport.sze.hu\/wp-content\/uploads\/YT_Thumbnail_4.png 1920w\" data-sizes=\"auto\" data-orig-sizes=\"(max-width: 750px) 100vw, 960px\" \/><\/span><div class=\"awb-imageframe-caption-container\" style=\"text-align:center;\"><div class=\"awb-imageframe-caption\"><h6 class=\"awb-imageframe-caption-title\">Magyar e-sport versenyz\u0151k a Sim Gaming Expo 2025 LAN d\u00f6nt\u0151j\u00e9ben Chicag\u00f3ban<\/h6><p class=\"awb-imageframe-caption-text\"> <\/p><\/div><\/div><\/div><div class=\"fusion-text fusion-text-2\" style=\"--awb-content-alignment:justify;--awb-font-size:22px;--awb-margin-right:10%;--awb-margin-left:10%;--awb-text-font-family:&quot;Montserrat&quot;;--awb-text-font-style:normal;--awb-text-font-weight:400;\"><h2>L\u00e1tv\u00e1nyos befut\u00f3k \u00e9s utols\u00f3 k\u00f6r\u00f6s el\u0151z\u00e9sek<\/h2>\n<p>A m\u00e1sodik fordul\u00f3ban Ol\u00e1h D\u00e1niel \u00e9s T\u00f3th D\u00e1vid m\u00e1r az id\u0151m\u00e9r\u0151n megszerezt\u00e9k az els\u0151 k\u00e9t rajtkock\u00e1t. A futam v\u00e9g\u00e9n Ol\u00e1h egy utols\u00f3 k\u00f6r\u00f6s el\u0151z\u00e9ssel aratta le a gy\u0151zelmet, m\u00edg T\u00f3th stabil versenyz\u00e9ssel a 3. helyen z\u00e1rt.<\/p>\n<\/div><div class=\"fusion-image-element awb-imageframe-style awb-imageframe-style-below awb-imageframe-style-2\" style=\"text-align:center;--awb-margin-bottom:20px;--awb-caption-overlay-color:var(--awb-color8);--awb-caption-title-font-family:var(--h6_typography-font-family);--awb-caption-title-font-weight:var(--h6_typography-font-weight);--awb-caption-title-font-style:var(--h6_typography-font-style);--awb-caption-title-size:var(--h6_typography-font-size);--awb-caption-title-transform:var(--h6_typography-text-transform);--awb-caption-title-line-height:var(--h6_typography-line-height);--awb-caption-title-letter-spacing:var(--h6_typography-letter-spacing);\"><span class=\"fusion-imageframe imageframe-none imageframe-2 hover-type-none\"><img decoding=\"async\" width=\"360\" height=\"540\" alt=\"Mihalidesz M\u00e1t\u00e9\" title=\"250425 Esport Yubo 63\" src=\"https:\/\/esport.sze.hu\/wp-content\/uploads\/250425_Esport_Yubo-63.jpg\" data-orig-src=\"https:\/\/esport.sze.hu\/wp-content\/uploads\/250425_Esport_Yubo-63-360x540.jpg\" class=\"lazyload img-responsive wp-image-4975\" srcset=\"data:image\/svg+xml,%3Csvg%20xmlns%3D%27http%3A%2F%2Fwww.w3.org%2F2000%2Fsvg%27%20width%3D%275504%27%20height%3D%278256%27%20viewBox%3D%270%200%205504%208256%27%3E%3Crect%20width%3D%275504%27%20height%3D%278256%27%20fill-opacity%3D%220%22%2F%3E%3C%2Fsvg%3E\" data-srcset=\"https:\/\/esport.sze.hu\/wp-content\/uploads\/250425_Esport_Yubo-63-200x300.jpg 200w, https:\/\/esport.sze.hu\/wp-content\/uploads\/250425_Esport_Yubo-63-400x600.jpg 400w, https:\/\/esport.sze.hu\/wp-content\/uploads\/250425_Esport_Yubo-63-600x900.jpg 600w, https:\/\/esport.sze.hu\/wp-content\/uploads\/250425_Esport_Yubo-63-800x1200.jpg 800w\" data-sizes=\"auto\" data-orig-sizes=\"(max-width: 750px) 100vw, 360px\" \/><\/span><div class=\"awb-imageframe-caption-container\" style=\"text-align:center;\"><div class=\"awb-imageframe-caption\"><h6 class=\"awb-imageframe-caption-title\">T\u00f3th D\u00e1vid: A SZESE E-Sport versenyz\u0151je <\/h6><p class=\"awb-imageframe-caption-text\"> <\/p><\/div><\/div><\/div><div class=\"fusion-text fusion-text-3\" style=\"--awb-content-alignment:justify;--awb-font-size:22px;--awb-text-color:var(--awb-color8);--awb-margin-right:10%;--awb-margin-left:10%;--awb-text-font-family:&quot;Montserrat&quot;;--awb-text-font-style:normal;--awb-text-font-weight:400;\"><p><span data-contrast=\"auto\">A harmadik online futamon Varga M\u00e1t\u00e9 indult pole poz\u00edci\u00f3b\u00f3l, \u00e9s elk\u00e9peszt\u0151en szoros hajr\u00e1ban, mind\u00f6ssze 0,011 m\u00e1sodperces el\u0151nnyel \u00e9rt els\u0151k\u00e9nt a c\u00e9lba.<\/span><span data-ccp-props=\"{\">\u00a0<\/span><\/p>\n<h2 aria-level=\"2\"><span data-contrast=\"auto\">Chicag\u00f3i LAN d\u00f6nt\u0151<\/span><span data-ccp-props=\"{\">\u00a0<\/span><\/h2>\n<p aria-level=\"2\"><span data-contrast=\"auto\">A szeptemberi LAN d\u00f6nt\u0151n a vil\u00e1g \u00e9lmez\u0151nye ellen k\u00fczdhetnek pil\u00f3t\u00e1ink, nem kevesebb a t\u00e9t, mint a 10 000 doll\u00e1r \u00e9rt\u00e9k\u0171 t\u00e1rgynyerem\u00e9ny \u00e9s a bajnoki c\u00edm. A helysz\u00edn nemcsak a verseny izgalma miatt kiemelked\u0151: t\u00f6bb mint t\u00edzezer l\u00e1togat\u00f3, vezet\u0151 hardvergy\u00e1rt\u00f3k, szimul\u00e1toros szolg\u00e1ltat\u00f3k, nemzetk\u00f6zi influenszerek \u00e9s profi versenyz\u0151k gy\u0171lnek majd \u00f6ssze \u2013 egyed\u00fcl\u00e1ll\u00f3 alkalmat teremtve a nemzetk\u00f6zi m\u00e1rka\u00e9p\u00edt\u00e9sre \u00e9s a Sz\u00e9chenyi Istv\u00e1n Egyetem e-sport div\u00edzi\u00f3j\u00e1nak bemutatkoz\u00e1s\u00e1ra<\/span><span data-ccp-props=\"{\">\u00a0<\/span><\/p>\n<p data-ccp-border-bottom=\"0px none #000000\" data-ccp-padding-bottom=\"0px\" data-ccp-border-between=\"0px none #000000\" data-ccp-padding-between=\"0px\"><span data-contrast=\"auto\">Mindez azonban nemcsak sport- \u00e9s szakmai szempontb\u00f3l jelent\u0151s, hanem az oktat\u00e1si \u00e9s p\u00e1lyaorient\u00e1ci\u00f3s lehet\u0151s\u00e9gek ter\u00e9n is fontos \u00fczenetet hordoz, mivel ketten kis k\u00f6z\u00e9piskol\u00e1sok, emellett Varga<\/span> <span data-contrast=\"auto\">M\u00e1t\u00e9 pedig gy\u0151ri sz\u00fclet\u00e9s\u0171. A szeptemberi chicag\u00f3i d\u00f6nt\u0151 teh\u00e1t nemcsak sportt\u00f6rt\u00e9neti jelent\u0151s\u00e9g\u0171 sz\u00e1mukra, hanem inspir\u00e1l\u00f3 p\u00e9ldak\u00e9nt is szolg\u00e1lhat a tehets\u00e9ges fiatalok sz\u00e1m\u00e1ra.\u00a0<\/span><span data-ccp-props=\"{\">\u00a0<\/span><\/p>\n<p data-ccp-border-between=\"0px none #000000\" data-ccp-padding-between=\"0px\"><span data-contrast=\"auto\">A Sz\u00e9chenyi Istv\u00e1n Egyetem sz\u00e1m\u00e1ra kiemelten fontos, hogy bemutassa: az int\u00e9zm\u00e9nyben nemcsak a hagyom\u00e1nyos szakokon, hanem az e-sport \u00e9s a digit\u00e1lis technol\u00f3gi\u00e1k ter\u00fclet\u00e9n is kiemelked\u0151 lehet\u0151s\u00e9gek v\u00e1rj\u00e1k a hallgat\u00f3kat. Az ilyen nemzetk\u00f6zi sikerek r\u00e1mutatnak arra, hogy a k\u00f6z\u00e9piskol\u00e1s koroszt\u00e1ly sz\u00e1m\u00e1ra is nyitva \u00e1ll az \u00fat a professzion\u00e1lis e-sport \u00e9s a fels\u0151oktat\u00e1si karrier \u00f6tv\u00f6z\u00e9s\u00e9re \u2013 k\u00fcl\u00f6n\u00f6sen Gy\u0151rben, ahol a helyi tehets\u00e9gek ak\u00e1r a vil\u00e1g legnagyobb versenyein is bemutatkozhatnak.<\/span><span data-ccp-props=\"{\">\u00a0<\/span><\/p>\n<p><span data-contrast=\"auto\">A kvalifik\u00e1ci\u00f3 sor\u00e1n mutatott kitart\u00e1s, prec\u00edz versenyz\u00e9s \u00e9s ment\u00e1lis er\u0151 alapj\u00e1n joggal rem\u00e9lhetj\u00fck, hogy szeptemberben is a legjobbak k\u00f6z\u00f6tt v\u00e9geznek. Szurkoljunk egy\u00fctt Ol\u00e1h D\u00e1nielnek, T\u00f3th D\u00e1vidnak \u00e9s Varga M\u00e1t\u00e9nak, hogy a chicag\u00f3i p\u00e1ly\u00e1n is magyar sikereknek \u00f6r\u00fclhess\u00fcnk!<\/span><span data-ccp-props=\"{\">\u00a0<\/span><\/p>\n<p><span data-contrast=\"auto\">A d\u00f6nt\u0151t <\/span><b><span data-contrast=\"auto\">\u00e9l\u0151ben, a helysz\u00ednr\u0151l is k\u00f6zvet\u00edteni fogjuk<\/span><\/b><span data-contrast=\"auto\">, \u00edgy mindenk\u00e9pp \u00e9rdemes k\u00f6vetni minket a <\/span><b><span data-contrast=\"auto\">SZESE E-Sport hivatalos csatorn\u00e1in \u00e9s k\u00f6z\u00f6ss\u00e9gi fel\u00fcletein<\/span><\/b><span data-contrast=\"auto\">, ahol tov\u00e1bbi izgalmas tartalmakkal \u00e9s kulisszatitkokkal jelentkez\u00fcnk majd.<\/span><span data-ccp-props=\"{\">\u00a0<\/span><\/p>\n<\/div><\/div><\/div><\/div><\/div>","protected":false},"excerpt":{"rendered":"","protected":false},"author":6,"featured_media":4974,"comment_status":"closed","ping_status":"closed","sticky":false,"template":"","format":"standard","meta":{"_acf_changed":false,"_monsterinsights_skip_tracking":false,"_monsterinsights_sitenote_active":false,"_monsterinsights_sitenote_note":"","_monsterinsights_sitenote_category":0,"_price":"","_stock":"","_tribe_ticket_header":"","_tribe_default_ticket_provider":"","_tribe_ticket_capacity":"0","_ticket_start_date":"","_ticket_end_date":"","_tribe_ticket_show_description":"","_tribe_ticket_show_not_going":false,"_tribe_ticket_use_global_stock":"","_tribe_ticket_global_stock_level":"","_global_stock_mode":"","_global_stock_cap":"","_tribe_rsvp_for_event":"","_tribe_ticket_going_count":"","_tribe_ticket_not_going_count":"","_tribe_tickets_list":"[]","_tribe_ticket_has_attendee_info_fields":false,"footnotes":""},"categories":[10,13],"tags":[],"class_list":["post-4973","post","type-post","status-publish","format-standard","has-post-thumbnail","hentry","category-eredmenyek","category-szimulator"],"acf":[],"aioseo_notices":[],"_links":{"self":[{"href":"https:\/\/esport.sze.hu\/en\/wp-json\/wp\/v2\/posts\/4973","targetHints":{"allow":["GET"]}}],"collection":[{"href":"https:\/\/esport.sze.hu\/en\/wp-json\/wp\/v2\/posts"}],"about":[{"href":"https:\/\/esport.sze.hu\/en\/wp-json\/wp\/v2\/types\/post"}],"author":[{"embeddable":true,"href":"https:\/\/esport.sze.hu\/en\/wp-json\/wp\/v2\/users\/6"}],"replies":[{"embeddable":true,"href":"https:\/\/esport.sze.hu\/en\/wp-json\/wp\/v2\/comments?post=4973"}],"version-history":[{"count":5,"href":"https:\/\/esport.sze.hu\/en\/wp-json\/wp\/v2\/posts\/4973\/revisions"}],"predecessor-version":[{"id":4980,"href":"https:\/\/esport.sze.hu\/en\/wp-json\/wp\/v2\/posts\/4973\/revisions\/4980"}],"wp:featuredmedia":[{"embeddable":true,"href":"https:\/\/esport.sze.hu\/en\/wp-json\/wp\/v2\/media\/4974"}],"wp:attachment":[{"href":"https:\/\/esport.sze.hu\/en\/wp-json\/wp\/v2\/media?parent=4973"}],"wp:term":[{"taxonomy":"category","embeddable":true,"href":"https:\/\/esport.sze.hu\/en\/wp-json\/wp\/v2\/categories?post=4973"},{"taxonomy":"post_tag","embeddable":true,"href":"https:\/\/esport.sze.hu\/en\/wp-json\/wp\/v2\/tags?post=4973"}],"curies":[{"name":"wp","href":"https:\/\/api.w.org\/{rel}","templated":true}]}}