{"id":4951,"date":"2025-07-09T16:24:24","date_gmt":"2025-07-09T14:24:24","guid":{"rendered":"https:\/\/esport.sze.hu\/?p=4951"},"modified":"2025-07-09T16:24:24","modified_gmt":"2025-07-09T14:24:24","slug":"ujabb-bajnoki-cim-mihalidesz-mate-megnyerte-a-kh-sim-liga-2025-os-szezonjat","status":"publish","type":"post","link":"https:\/\/esport.sze.hu\/en\/eredmenyek\/ujabb-bajnoki-cim-mihalidesz-mate-megnyerte-a-kh-sim-liga-2025-os-szezonjat\/","title":{"rendered":"\u00dajabb bajnoki c\u00edm: Mihalidesz M\u00e1t\u00e9 megnyerte a K&#038;H SIM Liga 2025-\u00f6s szezonj\u00e1t"},"content":{"rendered":"<div class=\"fusion-fullwidth fullwidth-box fusion-builder-row-1 fusion-flex-container has-pattern-background has-mask-background resp-text nonhundred-percent-fullwidth non-hundred-percent-height-scrolling\" style=\"--awb-border-radius-top-left:0px;--awb-border-radius-top-right:0px;--awb-border-radius-bottom-right:0px;--awb-border-radius-bottom-left:0px;--awb-padding-right:0px;--awb-padding-left:0px;--awb-flex-wrap:wrap;\" ><div class=\"fusion-builder-row fusion-row fusion-flex-align-items-flex-start fusion-flex-content-wrap\" style=\"max-width:1420.64px;margin-left: calc(-4% \/ 2 );margin-right: calc(-4% \/ 2 );\"><div class=\"fusion-layout-column fusion_builder_column fusion-builder-column-0 fusion_builder_column_1_1 1_1 fusion-flex-column\" style=\"--awb-bg-size:cover;--awb-width-large:100%;--awb-margin-top-large:0px;--awb-spacing-right-large:1.92%;--awb-margin-bottom-large:40px;--awb-spacing-left-large:1.92%;--awb-width-medium:100%;--awb-order-medium:0;--awb-spacing-right-medium:1.92%;--awb-spacing-left-medium:1.92%;--awb-width-small:100%;--awb-order-small:0;--awb-spacing-right-small:1.92%;--awb-spacing-left-small:1.92%;\"><div class=\"fusion-column-wrapper fusion-column-has-shadow fusion-flex-justify-content-flex-start fusion-content-layout-column\"><div class=\"fusion-text fusion-text-1\" style=\"--awb-content-alignment:justify;--awb-font-size:22px;--awb-margin-right:10%;--awb-margin-left:10%;--awb-text-font-family:&quot;Montserrat&quot;;--awb-text-font-style:normal;--awb-text-font-weight:400;\"><p><span data-contrast=\"auto\">A Gran Turismo 7 j\u00e1t\u00e9kban, PlayStation platformon megrendezett, hatfordul\u00f3s szezonban Magyarorsz\u00e1g legjobb szimul\u00e1torversenyz\u0151i m\u00e9rt\u00e9k \u00f6ssze tud\u00e1sukat. Minden h\u00e9t fordul\u00f3ja egyedi kih\u00edv\u00e1st jelentett: v\u00e1ltozatos p\u00e1ly\u00e1k, elt\u00e9r\u0151 aut\u00f3k \u00e9s k\u00f6telez\u0151 gumistrat\u00e9gi\u00e1k tett\u00e9k pr\u00f3b\u00e1ra a versenyz\u0151k tud\u00e1s\u00e1t \u00e9s kitart\u00e1s\u00e1t.<\/span><span data-ccp-props=\"\">\u00a0<\/span><\/p>\n<p><span data-contrast=\"auto\">A z\u00e1r\u00f3 fordul\u00f3t a Dragon Trail \u2013 Seaside nev\u0171 virtu\u00e1lis p\u00e1ly\u00e1n rendezt\u00e9k, ahol a pil\u00f3t\u00e1k a Red Bull X2019 Competition versenyaut\u00f3t vezett\u00e9k. Ez a 804 l\u00f3er\u0151s, mind\u00f6ssze 660 kilogrammos g\u00e9p rendk\u00edv\u00fcli temp\u00f3t \u00e9s prec\u00edz vezet\u00e9st ig\u00e9nyelt, a d\u00f6nt\u0151 futamot pedig izgalmas taktikai csat\u00e1k jellemezt\u00e9k. A rajtn\u00e1l a mez\u0151ny t\u00f6bbf\u00e9le gumikever\u00e9kkel v\u00e1gott neki a futamnak: m\u00edg Hencsei Benjamin agressz\u00edv strat\u00e9gi\u00e1t v\u00e1lasztott a legpuh\u00e1bb (Soft) abroncsokkal, Mihalidesz a k\u00f6zepes (Medium) gumikkal indult, majd a verseny k\u00e9s\u0151bbi szakaszaiban v\u00e1ltogatva haszn\u00e1lta a Hard, Soft \u00e9s Medium kever\u00e9keket. Mint elmondta, a legnagyobb kih\u00edv\u00e1st az jelentette sz\u00e1m\u00e1ra, hogy a rendk\u00edv\u00fcl szoros \u00e9lmez\u0151nyben \u00fagy alak\u00edtsa a strat\u00e9gi\u00e1t, hogy elker\u00fclje a feltart\u00e1sokat \u00e9s a p\u00e1ly\u00e1n kialakul\u00f3 konfliktusokat.<\/span><span data-ccp-props=\"\">\u00a0<\/span><\/p>\n<\/div><div class=\"fusion-image-element awb-imageframe-style awb-imageframe-style-below awb-imageframe-style-1\" style=\"text-align:center;--awb-margin-bottom:20px;--awb-caption-overlay-color:var(--awb-color8);--awb-caption-title-font-family:var(--h6_typography-font-family);--awb-caption-title-font-weight:var(--h6_typography-font-weight);--awb-caption-title-font-style:var(--h6_typography-font-style);--awb-caption-title-size:var(--h6_typography-font-size);--awb-caption-title-transform:var(--h6_typography-text-transform);--awb-caption-title-line-height:var(--h6_typography-line-height);--awb-caption-title-letter-spacing:var(--h6_typography-letter-spacing);\"><span class=\"fusion-imageframe imageframe-none imageframe-1 hover-type-none\"><img decoding=\"async\" width=\"800\" height=\"450\" alt=\"Mihalidesz M\u00e1t\u00e9\" title=\"Image\" src=\"https:\/\/esport.sze.hu\/wp-content\/uploads\/Image.jpg\" data-orig-src=\"https:\/\/esport.sze.hu\/wp-content\/uploads\/Image.jpg\" class=\"lazyload img-responsive wp-image-4953\" srcset=\"data:image\/svg+xml,%3Csvg%20xmlns%3D%27http%3A%2F%2Fwww.w3.org%2F2000%2Fsvg%27%20width%3D%27800%27%20height%3D%27450%27%20viewBox%3D%270%200%20800%20450%27%3E%3Crect%20width%3D%27800%27%20height%3D%27450%27%20fill-opacity%3D%220%22%2F%3E%3C%2Fsvg%3E\" data-srcset=\"https:\/\/esport.sze.hu\/wp-content\/uploads\/Image-200x113.jpg 200w, https:\/\/esport.sze.hu\/wp-content\/uploads\/Image-400x225.jpg 400w, https:\/\/esport.sze.hu\/wp-content\/uploads\/Image-600x338.jpg 600w, https:\/\/esport.sze.hu\/wp-content\/uploads\/Image.jpg 800w\" data-sizes=\"auto\" data-orig-sizes=\"(max-width: 750px) 100vw, 800px\" \/><\/span><div class=\"awb-imageframe-caption-container\" style=\"text-align:center;\"><div class=\"awb-imageframe-caption\"><h6 class=\"awb-imageframe-caption-title\">A Gran Turismo 7 szimul\u00e1torban k\u00e9sz\u00fclt felv\u00e9telen Mihalidesz M\u00e1t\u00e9 (el\u00f6l) a K&amp;H SIM Liga egyik futam\u00e1n vezeti a mez\u0151nyt a Dragon Trail \u2013 Seaside p\u00e1ly\u00e1n <\/h6><p class=\"awb-imageframe-caption-text\"> <\/p><\/div><\/div><\/div><div class=\"fusion-text fusion-text-2\" style=\"--awb-content-alignment:justify;--awb-font-size:22px;--awb-margin-right:10%;--awb-margin-left:10%;--awb-text-font-family:&quot;Montserrat&quot;;--awb-text-font-style:normal;--awb-text-font-weight:400;\"><blockquote>\n<p><span data-contrast=\"auto\">\u201eHihetetlen bonyolult volt \u00fagy kialak\u00edtani a strat\u00e9gi\u00e1t, hogy ne keveredjek feltart\u00e1sba. A hajr\u00e1ban val\u00f3 szoros befut\u00f3 kiz\u00e1r\u00f3lag a saj\u00e1t hib\u00e1mnak volt k\u00f6sz\u00f6nhet\u0151, mert t\u00fals\u00e1gosan agressz\u00edv taktik\u00e1t v\u00e1lasztottam az utols\u00f3 etapra\" \u2013 emelte ki.<\/span><span data-ccp-props=\"\">\u00a0<\/span><\/p>\n<\/blockquote>\n<p><span data-contrast=\"auto\">A futam v\u00e9gj\u00e1t\u00e9k\u00e1ban k\u00fcl\u00f6n\u00f6sen l\u00e1tv\u00e1nyos k\u00fczdelem alakult ki, hiszen Blazs\u00e1n Patrik \u2013 aki hossz\u00fa ideje az egyik legnagyobb riv\u00e1lisa \u00e9s vil\u00e1gszinten is kiemelked\u0151 Gran Turismo versenyz\u0151 \u2013 a harmadik ker\u00e9kcser\u00e9t k\u00f6vet\u0151en l\u00e1gy gumikkal elk\u00e9peszt\u0151 temp\u00f3t dikt\u00e1lt \u00e9s az utols\u00f3 k\u00f6r\u00f6kre m\u00e1sf\u00e9l m\u00e1sodpercen bel\u00fclre z\u00e1rk\u00f3zott fel. \u201eEg\u00e9sz szezon alatt nagyon k\u00f6zel voltunk egym\u00e1shoz Patrikkal, \u00e9s egy\u00e9rtelm\u0171 volt, hogy az utols\u00f3 fordul\u00f3ban fog eld\u0151lni a bajnoki c\u00edm\" \u2013 mondta el a versenyz\u0151.<\/span><span data-ccp-props=\"\">\u00a0<\/span><\/p>\n<blockquote>\n<p><span data-contrast=\"auto\">A gy\u0151zelem k\u00fcl\u00f6nleges szakmai \u00e9s szem\u00e9lyes jelent\u0151s\u00e9ggel b\u00edr sz\u00e1m\u00e1ra, hiszen Blazs\u00e1n Patrikkal nemcsak ellenfelek, hanem j\u00f3 bar\u00e1tok is. \u201eA karrierem legelej\u00e9n \u0151 volt az, aki t\u00e1mogatott, \u00e9s neki is k\u00f6sz\u00f6nhetem, hogy most itt tartok\" \u2013 hangs\u00falyozta M\u00e1t\u00e9.<\/span><span data-ccp-props=\"\">\u00a0<\/span><\/p>\n<\/blockquote>\n<p><span data-contrast=\"auto\">A szezon neh\u00e9zs\u00e9geit s\u00falyosb\u00edtotta, hogy t\u00fcd\u0151gyullad\u00e1ssal kezdte az id\u00e9nyt, ami az els\u0151 n\u00e9gy fordul\u00f3ban komolyan megnehez\u00edtette a koncentr\u00e1ci\u00f3j\u00e1t. M\u00e9gis siker\u00fclt h\u00e9tr\u0151l h\u00e9tre visszatal\u00e1lnia a form\u00e1j\u00e1hoz, amiben \u2013 saj\u00e1t elmond\u00e1sa szerint \u2013 legink\u00e1bb az alkalmazkod\u00f3k\u00e9pess\u00e9ge fejl\u0151d\u00f6tt. <\/span><\/p>\n<blockquote>\n<p><span data-contrast=\"auto\">\u201eMinden fordul\u00f3 teljesen \u00faj kih\u00edv\u00e1sokat tartogatott a p\u00e1ly\u00e1k \u00e9s az aut\u00f3k tekintet\u00e9ben, \u00e9s ezt az akad\u00e1lyt szerintem siker\u00fclt j\u00f3l megugranom\" \u2013 tette hozz\u00e1.<\/span><span data-ccp-props=\"\">\u00a0<\/span><\/p>\n<\/blockquote>\n<\/div><div class=\"fusion-image-element awb-imageframe-style awb-imageframe-style-below awb-imageframe-style-2\" style=\"text-align:center;--awb-margin-bottom:20px;--awb-caption-overlay-color:var(--awb-color8);--awb-caption-title-font-family:var(--h6_typography-font-family);--awb-caption-title-font-weight:var(--h6_typography-font-weight);--awb-caption-title-font-style:var(--h6_typography-font-style);--awb-caption-title-size:var(--h6_typography-font-size);--awb-caption-title-transform:var(--h6_typography-text-transform);--awb-caption-title-line-height:var(--h6_typography-line-height);--awb-caption-title-letter-spacing:var(--h6_typography-letter-spacing);\"><span class=\"fusion-imageframe imageframe-none imageframe-2 hover-type-none\"><img decoding=\"async\" width=\"360\" height=\"540\" alt=\"Mihalidesz M\u00e1t\u00e9\" title=\"Image (1)\" src=\"https:\/\/esport.sze.hu\/wp-content\/uploads\/Image-1.jpg\" data-orig-src=\"https:\/\/esport.sze.hu\/wp-content\/uploads\/Image-1-360x540.jpg\" class=\"lazyload img-responsive wp-image-4952\" srcset=\"data:image\/svg+xml,%3Csvg%20xmlns%3D%27http%3A%2F%2Fwww.w3.org%2F2000%2Fsvg%27%20width%3D%271365%27%20height%3D%272048%27%20viewBox%3D%270%200%201365%202048%27%3E%3Crect%20width%3D%271365%27%20height%3D%272048%27%20fill-opacity%3D%220%22%2F%3E%3C%2Fsvg%3E\" data-srcset=\"https:\/\/esport.sze.hu\/wp-content\/uploads\/Image-1-200x300.jpg 200w, https:\/\/esport.sze.hu\/wp-content\/uploads\/Image-1-400x600.jpg 400w, https:\/\/esport.sze.hu\/wp-content\/uploads\/Image-1-600x900.jpg 600w, https:\/\/esport.sze.hu\/wp-content\/uploads\/Image-1-800x1200.jpg 800w, https:\/\/esport.sze.hu\/wp-content\/uploads\/Image-1-1200x1800.jpg 1200w, https:\/\/esport.sze.hu\/wp-content\/uploads\/Image-1.jpg 1365w\" data-sizes=\"auto\" data-orig-sizes=\"(max-width: 750px) 100vw, 360px\" \/><\/span><div class=\"awb-imageframe-caption-container\" style=\"text-align:center;\"><div class=\"awb-imageframe-caption\"><h6 class=\"awb-imageframe-caption-title\">Mihalidesz M\u00e1t\u00e9, a Sz\u00e9chenyi Istv\u00e1n Egyetem e-sport versenyz\u0151je<\/h6><p class=\"awb-imageframe-caption-text\"> <\/p><\/div><\/div><\/div><div class=\"fusion-text fusion-text-3\" style=\"--awb-content-alignment:justify;--awb-font-size:22px;--awb-text-color:var(--awb-color8);--awb-margin-right:10%;--awb-margin-left:10%;--awb-text-font-family:&quot;Montserrat&quot;;--awb-text-font-style:normal;--awb-text-font-weight:400;\"><p><b><span data-contrast=\"auto\">A j\u00f6v\u0151 tervei<\/span><\/b><span data-ccp-props=\"\">\u00a0<\/span><\/p>\n<p><span data-contrast=\"auto\">A K&H SIM Liga 2025-\u00f6s szezonja k\u00fcl\u00f6n\u00f6sen szoros \u00e9s magas sz\u00ednvonal\u00fa verseng\u00e9st hozott, amely m\u00e9lt\u00e1n bizony\u00edtotta a magyar szimul\u00e1toros k\u00f6z\u00f6ss\u00e9g erej\u00e9t. A bajnoki c\u00edm elnyer\u00e9se ut\u00e1n Mihalidesz M\u00e1t\u00e9 hossz\u00fa t\u00e1von is c\u00e9lul t\u0171zte ki, hogy min\u00e9l t\u00f6bb iRacing special eventen \u00e9s nemzetk\u00f6zi bajnoks\u00e1gban is rajthoz \u00e1lljon, mik\u00f6zben a Gran Turismo sorozat sem ker\u00fcl h\u00e1tt\u00e9rbe a terveiben. A sportkarrier mellett jelenleg egyetemv\u00e1laszt\u00e1s el\u0151tt \u00e1ll \u00e9s hat\u00e1rozott elk\u00e9pzel\u00e9se, hogy a Sz\u00e9chenyi Istv\u00e1n Egyetemre szeretne jelentkezni, mivel az int\u00e9zm\u00e9ny sz\u00e1mos m\u00e9rn\u00f6ki k\u00e9pz\u00e9ssel, modern infrastrukt\u00far\u00e1val \u00e9s t\u00e1mogatott e-sport programokkal biztos\u00edtja a fejl\u0151d\u00e9s lehet\u0151s\u00e9g\u00e9t. C\u00e9lja, hogy tanulm\u00e1nyait olyan szakir\u00e1nyon folytassa, amely szorosan kapcsol\u00f3dik a motorsporthoz, \u00e9s p\u00e1rhuzamosan tov\u00e1bbra is a hazai \u00e9s nemzetk\u00f6zi szimul\u00e1toros \u00e9lmez\u0151nyben versenyezzen.<\/span><span data-ccp-props=\"\">\u00a0<\/span><\/p>\n<p><span data-contrast=\"auto\">A SZESE E-Sport k\u00f6z\u00f6ss\u00e9ge a j\u00f6v\u0151ben tov\u00e1bbi hazai \u00e9s nemzetk\u00f6zi megm\u00e9rettet\u00e9seken is rajthoz \u00e1ll, hogy a gy\u0151ri egyetem nev\u00e9t a digit\u00e1lis motorsport \u00e9lvonal\u00e1ban k\u00e9pviselje. Az \u00e9rdekl\u0151d\u0151k a csapat h\u00edreit, eredm\u00e9nyeit \u00e9s \u00e9l\u0151 k\u00f6zvet\u00edt\u00e9seit tov\u00e1bbra is k\u00f6vethetik a SZESE E-Sport hivatalos csatorn\u00e1in \u00e9s k\u00f6z\u00f6ss\u00e9gi fel\u00fcletein.<\/span><span data-ccp-props=\"\">\u00a0<\/span><\/p>\n<\/div><\/div><\/div><\/div><\/div>","protected":false},"excerpt":{"rendered":"","protected":false},"author":6,"featured_media":4953,"comment_status":"closed","ping_status":"closed","sticky":false,"template":"","format":"standard","meta":{"_acf_changed":false,"_monsterinsights_skip_tracking":false,"_monsterinsights_sitenote_active":false,"_monsterinsights_sitenote_note":"","_monsterinsights_sitenote_category":0,"_price":"","_stock":"","_tribe_ticket_header":"","_tribe_default_ticket_provider":"","_tribe_ticket_capacity":"0","_ticket_start_date":"","_ticket_end_date":"","_tribe_ticket_show_description":"","_tribe_ticket_show_not_going":false,"_tribe_ticket_use_global_stock":"","_tribe_ticket_global_stock_level":"","_global_stock_mode":"","_global_stock_cap":"","_tribe_rsvp_for_event":"","_tribe_ticket_going_count":"","_tribe_ticket_not_going_count":"","_tribe_tickets_list":"[]","_tribe_ticket_has_attendee_info_fields":false,"footnotes":""},"categories":[10,13],"tags":[],"class_list":["post-4951","post","type-post","status-publish","format-standard","has-post-thumbnail","hentry","category-eredmenyek","category-szimulator"],"acf":[],"aioseo_notices":[],"_links":{"self":[{"href":"https:\/\/esport.sze.hu\/en\/wp-json\/wp\/v2\/posts\/4951","targetHints":{"allow":["GET"]}}],"collection":[{"href":"https:\/\/esport.sze.hu\/en\/wp-json\/wp\/v2\/posts"}],"about":[{"href":"https:\/\/esport.sze.hu\/en\/wp-json\/wp\/v2\/types\/post"}],"author":[{"embeddable":true,"href":"https:\/\/esport.sze.hu\/en\/wp-json\/wp\/v2\/users\/6"}],"replies":[{"embeddable":true,"href":"https:\/\/esport.sze.hu\/en\/wp-json\/wp\/v2\/comments?post=4951"}],"version-history":[{"count":1,"href":"https:\/\/esport.sze.hu\/en\/wp-json\/wp\/v2\/posts\/4951\/revisions"}],"predecessor-version":[{"id":4954,"href":"https:\/\/esport.sze.hu\/en\/wp-json\/wp\/v2\/posts\/4951\/revisions\/4954"}],"wp:featuredmedia":[{"embeddable":true,"href":"https:\/\/esport.sze.hu\/en\/wp-json\/wp\/v2\/media\/4953"}],"wp:attachment":[{"href":"https:\/\/esport.sze.hu\/en\/wp-json\/wp\/v2\/media?parent=4951"}],"wp:term":[{"taxonomy":"category","embeddable":true,"href":"https:\/\/esport.sze.hu\/en\/wp-json\/wp\/v2\/categories?post=4951"},{"taxonomy":"post_tag","embeddable":true,"href":"https:\/\/esport.sze.hu\/en\/wp-json\/wp\/v2\/tags?post=4951"}],"curies":[{"name":"wp","href":"https:\/\/api.w.org\/{rel}","templated":true}]}}