{"id":4886,"date":"2025-06-27T13:48:52","date_gmt":"2025-06-27T11:48:52","guid":{"rendered":"https:\/\/esport.sze.hu\/?p=4886"},"modified":"2025-06-29T13:51:50","modified_gmt":"2025-06-29T11:51:50","slug":"gyozelem-es-nemzetkozi-elismeres-nagy-sikerrel-zarta-a-szechenyi-istvan-egyetem-e-sport-csapata-a-vilag-egyik-legrangosabb-virtualis-versenyet","status":"publish","type":"post","link":"https:\/\/esport.sze.hu\/en\/eredmenyek\/gyozelem-es-nemzetkozi-elismeres-nagy-sikerrel-zarta-a-szechenyi-istvan-egyetem-e-sport-csapata-a-vilag-egyik-legrangosabb-virtualis-versenyet\/","title":{"rendered":"Gy\u0151zelem \u00e9s nemzetk\u00f6zi elismer\u00e9s: nagy sikerrel z\u00e1rta a Sz\u00e9chenyi Istv\u00e1n Egyetem e-sport-csapata a vil\u00e1g egyik legrangosabb virtu\u00e1lis verseny\u00e9t"},"content":{"rendered":"<div class=\"fusion-fullwidth fullwidth-box fusion-builder-row-1 fusion-flex-container has-pattern-background has-mask-background resp-text nonhundred-percent-fullwidth non-hundred-percent-height-scrolling\" style=\"--awb-border-radius-top-left:0px;--awb-border-radius-top-right:0px;--awb-border-radius-bottom-right:0px;--awb-border-radius-bottom-left:0px;--awb-padding-right:0px;--awb-padding-left:0px;--awb-flex-wrap:wrap;\" ><div class=\"fusion-builder-row fusion-row fusion-flex-align-items-flex-start fusion-flex-content-wrap\" style=\"max-width:1420.64px;margin-left: calc(-4% \/ 2 );margin-right: calc(-4% \/ 2 );\"><div class=\"fusion-layout-column fusion_builder_column fusion-builder-column-0 fusion_builder_column_1_1 1_1 fusion-flex-column\" style=\"--awb-bg-size:cover;--awb-width-large:100%;--awb-margin-top-large:0px;--awb-spacing-right-large:1.92%;--awb-margin-bottom-large:40px;--awb-spacing-left-large:1.92%;--awb-width-medium:100%;--awb-order-medium:0;--awb-spacing-right-medium:1.92%;--awb-spacing-left-medium:1.92%;--awb-width-small:100%;--awb-order-small:0;--awb-spacing-right-small:1.92%;--awb-spacing-left-small:1.92%;\"><div class=\"fusion-column-wrapper fusion-column-has-shadow fusion-flex-justify-content-flex-start fusion-content-layout-column\"><div class=\"fusion-text fusion-text-1\" style=\"--awb-content-alignment:justify;--awb-font-size:22px;--awb-margin-right:10%;--awb-margin-left:10%;--awb-text-font-family:&quot;Montserrat&quot;;--awb-text-font-style:normal;--awb-text-font-weight:400;\"><div data-breakout=\"normal\">\n<p id=\"viewer-subim330\" class=\"_04qQG jtShe _3GmD8 UGHSE\" dir=\"auto\"><span class=\"mVzZr _3GmD8\">Ugyan m\u00e9g csak f\u00e9l \u00e9ve l\u00e9pett be a professzion\u00e1lis szimul\u00e1torversenyz\u00e9s vil\u00e1g\u00e1ba, m\u00e1r most jelent\u0151s nemzetk\u00f6zi sikereket tudhat mag\u00e1\u00e9nak a Sz\u00e9chenyi Istv\u00e1n Egyetem. Az int\u00e9zm\u00e9ny sportegyes\u00fclet\u00e9nek e-sport-szakoszt\u00e1lya, a SZESE E-Sport nemr\u00e9g egy \u00fajabb rangos megm\u00e9rettet\u00e9sen vett r\u00e9szt: az iRacing elnevez\u00e9s\u0171 online platform \u00e1ltal rendezett Majors 24 versenyen indult el versenyz\u0151ivel.<\/span><\/p>\n<\/div>\n<div data-hook=\"rcv-block3\"><\/div>\n<div data-breakout=\"normal\">\n<div id=\"viewer-tnluy332\" dir=\"ltr\">\n<blockquote class=\"_82sZG\">\n<div id=\"viewer-bn9mw1013\" class=\"_3GmD8 UGHSE\" dir=\"auto\"><span class=\"mVzZr _3GmD8\">A h\u00edres Le Mans-i 24 \u00f3r\u00e1s futam egyik leghitelesebb virtu\u00e1lis adapt\u00e1ci\u00f3j\u00e1nak sz\u00e1m\u00edt\u00f3 megm\u00e9rettet\u00e9sre id\u00e9n t\u00f6bb mint 700 csapat nevezett a vil\u00e1g minden t\u00e1j\u00e1r\u00f3l, akik otthonr\u00f3l, versenyszimul\u00e1torokon kereszt\u00fcl csatlakoztak a programhoz. <\/span><\/div>\n<\/blockquote>\n<\/div>\n<\/div>\n<div data-hook=\"rcv-block4\"><\/div>\n<div data-breakout=\"normal\">\n<p id=\"viewer-95nii984\" class=\"_04qQG jtShe _3GmD8 UGHSE\" dir=\"auto\"><span class=\"mVzZr _3GmD8\">A val\u00f3s esem\u00e9nyhez hasonl\u00f3an itt is 24 \u00f3r\u00e1n kereszt\u00fcl, folyamatos v\u00e1lt\u00e1sokkal zajlott a verseny, melyben h\u00e1rom k\u00fcl\u00f6nb\u00f6z\u0151 kateg\u00f3ri\u00e1j\u00fa \u2013 GTP, LMP2 \u00e9s GT3 \u2013 aut\u00f3k osztoztak a p\u00e1ly\u00e1n. Ezek k\u00f6z\u00fcl a GTP a leggyorsabb, protot\u00edpus kateg\u00f3ria, ahol modern, hibrid hajt\u00e1s\u00fa aut\u00f3k indulnak. Az LMP2 szint\u00e9n protot\u00edpus oszt\u00e1ly, \u00e1m itt a versenyz\u00e9s egyszer\u0171bb technikai szinten, egyenaut\u00f3kkal t\u00f6rt\u00e9nik. A GT3 kateg\u00f3ria az el\u0151bbiekkel szemben a val\u00f3s sportaut\u00f3k versenyv\u00e1ltozatain alapul; ezek a leglassabbak a mez\u0151nyben, ugyanakkor izgalmas csat\u00e1kat hoznak a futamokon.<\/span><\/p>\n<\/div>\n<\/div><div class=\"fusion-image-element awb-imageframe-style awb-imageframe-style-below awb-imageframe-style-1\" style=\"text-align:center;--awb-margin-bottom:20px;--awb-caption-overlay-color:var(--awb-color8);--awb-caption-title-font-family:var(--h6_typography-font-family);--awb-caption-title-font-weight:var(--h6_typography-font-weight);--awb-caption-title-font-style:var(--h6_typography-font-style);--awb-caption-title-size:var(--h6_typography-font-size);--awb-caption-title-transform:var(--h6_typography-text-transform);--awb-caption-title-line-height:var(--h6_typography-line-height);--awb-caption-title-letter-spacing:var(--h6_typography-letter-spacing);\"><span class=\"fusion-imageframe imageframe-none imageframe-1 hover-type-none\"><img decoding=\"async\" width=\"960\" height=\"445\" alt=\"OGEX 2025 - Gamer \u00e9lm\u00e9ny a Sz\u00e9chenyin!\" title=\"7f5c56 8aa96d33e84243d790790ed7baaa5cc8~mv2\" src=\"https:\/\/esport.sze.hu\/wp-content\/uploads\/7f5c56_8aa96d33e84243d790790ed7baaa5cc8mv2.jpg\" data-orig-src=\"https:\/\/esport.sze.hu\/wp-content\/uploads\/7f5c56_8aa96d33e84243d790790ed7baaa5cc8mv2-960x445.jpg\" class=\"lazyload img-responsive wp-image-4888\" srcset=\"data:image\/svg+xml,%3Csvg%20xmlns%3D%27http%3A%2F%2Fwww.w3.org%2F2000%2Fsvg%27%20width%3D%271194%27%20height%3D%27554%27%20viewBox%3D%270%200%201194%20554%27%3E%3Crect%20width%3D%271194%27%20height%3D%27554%27%20fill-opacity%3D%220%22%2F%3E%3C%2Fsvg%3E\" data-srcset=\"https:\/\/esport.sze.hu\/wp-content\/uploads\/7f5c56_8aa96d33e84243d790790ed7baaa5cc8mv2-200x93.jpg 200w, https:\/\/esport.sze.hu\/wp-content\/uploads\/7f5c56_8aa96d33e84243d790790ed7baaa5cc8mv2-400x186.jpg 400w, https:\/\/esport.sze.hu\/wp-content\/uploads\/7f5c56_8aa96d33e84243d790790ed7baaa5cc8mv2-600x278.jpg 600w, https:\/\/esport.sze.hu\/wp-content\/uploads\/7f5c56_8aa96d33e84243d790790ed7baaa5cc8mv2-800x371.jpg 800w, https:\/\/esport.sze.hu\/wp-content\/uploads\/7f5c56_8aa96d33e84243d790790ed7baaa5cc8mv2.jpg 1194w\" data-sizes=\"auto\" data-orig-sizes=\"(max-width: 750px) 100vw, 960px\" \/><\/span><div class=\"awb-imageframe-caption-container\" style=\"text-align:center;\"><div class=\"awb-imageframe-caption\"><h6 class=\"awb-imageframe-caption-title\">A SZESE E-Sport versenyz\u0151i kiv\u00e1l\u00f3an szerepeltek a Le Mans-i 24 \u00f3r\u00e1s verseny virtu\u00e1lis v\u00e1ltozat\u00e1n.<\/h6><p class=\"awb-imageframe-caption-text\"> <\/p><\/div><\/div><\/div><div class=\"fusion-text fusion-text-2\" style=\"--awb-content-alignment:justify;--awb-font-size:22px;--awb-margin-right:10%;--awb-margin-left:10%;--awb-text-font-family:&quot;Montserrat&quot;;--awb-text-font-style:normal;--awb-text-font-weight:400;\"><div data-breakout=\"normal\">\n<p id=\"viewer-lt3zc337\" class=\"_04qQG jtShe _3GmD8 UGHSE\" dir=\"auto\"><span class=\"mVzZr _3GmD8\">A 2025-\u00f6s versenyen a r\u00e9szv\u00e9telhez el\u0151zetes selejtez\u0151n kellett bizony\u00edtani: a csapatok h\u00e1rom leggyorsabb tagj\u00e1nak \u00e1tlagideje d\u00f6nt\u00f6tt a tov\u00e1bbjut\u00e1sr\u00f3l. A Sz\u00e9chenyi Istv\u00e1n Egyetem e-sport-csapata k\u00e9t kateg\u00f3ri\u00e1ban is kvalifik\u00e1lta mag\u00e1t: az LMP2-ben P\u00e1lla Bal\u00e1zs, Ol\u00e1h D\u00e1niel \u00e9s Varga M\u00e1t\u00e9, m\u00edg a GTP-ben a hatszoros kamion-Eur\u00f3pa-bajnok Kiss Norbert, T\u00f3th D\u00e1vid, Simon Tam\u00e1s \u00e9s a Mercedes-AMG Motorsport \u00e1ltal is t\u00e1mogatott csapat, az Apex Racing Team versenyz\u0151je, Sivi-Szab\u00f3 D\u00e1niel \u00e1lltak rajthoz.<\/span><\/p>\n<\/div>\n<div data-breakout=\"normal\">\n<p id=\"viewer-nk6rg341\" class=\"_04qQG jtShe _3GmD8 UGHSE\" dir=\"auto\"><span class=\"mVzZr _3GmD8\">Ut\u00f3bbi kateg\u00f3ri\u00e1ban a nyolcadik rajtpoz\u00edci\u00f3r\u00f3l indulva, extr\u00e9m id\u0151j\u00e1r\u00e1si k\u00f6r\u00fclm\u00e9nyek k\u00f6z\u00f6tt versenyzett a csapat, amely \u2013 kihaszn\u00e1lva a biztons\u00e1gi aut\u00f3s szakaszok adta lehet\u0151s\u00e9geket \u2013t\u00f6bbnyire az \u00e9lmez\u0151nyben haladt, m\u00edgnem technikai probl\u00e9m\u00e1ja ad\u00f3dott. Kiss Norbert internetkapcsolata megszakadt, \u00edgy a hely\u00e9t egy m\u00e1sik csapattagnak kellett \u00e1tvennie, ami 2\u20133 perces h\u00e1tr\u00e1nyt jelentett. Emellett 30 m\u00e1sodperces b\u00fcntet\u00e9s is nehez\u00edtette a gy\u0151riek dolg\u00e1t, ami miatt a csapat egy teljes k\u00f6r h\u00e1tr\u00e1nyba ker\u00fclt. <\/span><\/p>\n<\/div>\n<div data-hook=\"rcv-block9\"><\/div>\n<div data-breakout=\"normal\">\n<div id=\"viewer-48ytj903\" dir=\"ltr\">\n<blockquote class=\"_82sZG\">\n<div id=\"viewer-oq3oa932\" class=\"_3GmD8 UGHSE\" dir=\"auto\"><span class=\"mVzZr _3GmD8\">A g\u00e1rda rendk\u00edv\u00fcli teljes\u00edtm\u00e9ny\u00e9nek k\u00f6sz\u00f6nhet\u0151en azonban mindegyik neh\u00e9zs\u00e9get siker\u00fclt lek\u00fczdeni, \u00e9s a Sz\u00e9chenyi-egyetem v\u00e9g\u00fcl leny\u0171g\u00f6z\u0151 gy\u0151zelmet aratott.<\/span><\/div>\n<\/blockquote>\n<\/div>\n<\/div>\n<div data-hook=\"rcv-block10\"><\/div>\n<div data-breakout=\"normal\">\n<p id=\"viewer-2h555343\" class=\"_04qQG jtShe _3GmD8 UGHSE\" dir=\"auto\"><span class=\"mVzZr _3GmD8\">T\u00f3th D\u00e1vid elmondta: \u00f3ri\u00e1si b\u00fcszkes\u00e9g sz\u00e1m\u00e1ra, hogy egy csak magyarokb\u00f3l \u00e1ll\u00f3 alakulattal megmutathatt\u00e1k a hazai szimul\u00e1torversenyz\u00e9s nemzetk\u00f6zi elitbe ill\u0151 sz\u00ednvonal\u00e1t. Sivi-Szab\u00f3 D\u00e1niel hozz\u00e1tette: f\u00e1raszt\u00f3, nagy energiabefektet\u00e9st ig\u00e9nyl\u0151 versenyt siker\u00fclt megnyerni\u00fck, amiben hatalmas motiv\u00e1ci\u00f3t adott a SZESE \u00e9l\u0151 k\u00f6zvet\u00edt\u00e9s\u00e9n kereszt\u00fcl \u00e9rkez\u0151 szurkol\u00f3i t\u00e1mogat\u00e1s. <em>\u201eNem ez volt az els\u0151 24 \u00f3r\u00e1s versenyem, de mindenk\u00e9pp ez volt a legizgalmasabb. B\u00fcszke vagyok a csapatunk tagjaira, nagyot k\u00fczd\u00f6tt\u00fcnk, \u00edgy nagy \u00f6r\u00f6m ez a gy\u0151zelem. \u00c9s ez m\u00e9g csak a kezdet\u201d<\/em>\u00a0\u2013 eg\u00e9sz\u00edtette ki t\u00e1rsait Kiss Norbert.<\/span><\/p>\n<\/div>\n<\/div><div class=\"fusion-image-element awb-imageframe-style awb-imageframe-style-below awb-imageframe-style-2\" style=\"text-align:center;--awb-margin-bottom:20px;--awb-caption-overlay-color:var(--awb-color8);--awb-caption-title-font-family:var(--h6_typography-font-family);--awb-caption-title-font-weight:var(--h6_typography-font-weight);--awb-caption-title-font-style:var(--h6_typography-font-style);--awb-caption-title-size:var(--h6_typography-font-size);--awb-caption-title-transform:var(--h6_typography-text-transform);--awb-caption-title-line-height:var(--h6_typography-line-height);--awb-caption-title-letter-spacing:var(--h6_typography-letter-spacing);\"><span class=\"fusion-imageframe imageframe-none imageframe-2 hover-type-none\"><img decoding=\"async\" width=\"797\" height=\"448\" alt=\"OGEX 2025 - Gamer \u00e9lm\u00e9ny a Sz\u00e9chenyin!\" title=\"7f5c56 aa1609f7d85345388f61c85fb3f31feb~mv2\" src=\"https:\/\/esport.sze.hu\/wp-content\/uploads\/7f5c56_aa1609f7d85345388f61c85fb3f31febmv2.png\" data-orig-src=\"https:\/\/esport.sze.hu\/wp-content\/uploads\/7f5c56_aa1609f7d85345388f61c85fb3f31febmv2.png\" class=\"lazyload img-responsive wp-image-4889\" srcset=\"data:image\/svg+xml,%3Csvg%20xmlns%3D%27http%3A%2F%2Fwww.w3.org%2F2000%2Fsvg%27%20width%3D%27797%27%20height%3D%27448%27%20viewBox%3D%270%200%20797%20448%27%3E%3Crect%20width%3D%27797%27%20height%3D%27448%27%20fill-opacity%3D%220%22%2F%3E%3C%2Fsvg%3E\" data-srcset=\"https:\/\/esport.sze.hu\/wp-content\/uploads\/7f5c56_aa1609f7d85345388f61c85fb3f31febmv2-200x112.png 200w, https:\/\/esport.sze.hu\/wp-content\/uploads\/7f5c56_aa1609f7d85345388f61c85fb3f31febmv2-400x225.png 400w, https:\/\/esport.sze.hu\/wp-content\/uploads\/7f5c56_aa1609f7d85345388f61c85fb3f31febmv2-600x337.png 600w, https:\/\/esport.sze.hu\/wp-content\/uploads\/7f5c56_aa1609f7d85345388f61c85fb3f31febmv2.png 797w\" data-sizes=\"auto\" data-orig-sizes=\"(max-width: 750px) 100vw, 797px\" \/><\/span><div class=\"awb-imageframe-caption-container\" style=\"text-align:center;\"><div class=\"awb-imageframe-caption\"><h6 class=\"awb-imageframe-caption-title\">A gy\u0151ri versenyz\u0151k kalocsai mint\u00e1s aut\u00f3fest\u00e9s\u00e9t Kiss Tibor k\u00e9sz\u00edtette.<\/h6><p class=\"awb-imageframe-caption-text\"> <\/p><\/div><\/div><\/div><div class=\"fusion-text fusion-text-3\" style=\"--awb-content-alignment:justify;--awb-font-size:22px;--awb-text-color:var(--awb-color8);--awb-margin-right:10%;--awb-margin-left:10%;--awb-text-font-family:&quot;Montserrat&quot;;--awb-text-font-style:normal;--awb-text-font-weight:400;\"><div data-breakout=\"normal\">\n<p id=\"viewer-rbt01350\" class=\"_04qQG jtShe _3GmD8 UGHSE\" dir=\"auto\"><span class=\"mVzZr _3GmD8\">Az LMP2-es kateg\u00f3ri\u00e1ban indul\u00f3 egys\u00e9g is er\u0151sen kezdte a futamot, azonban balesetek \u00e9s b\u00fcntet\u00e9sek tark\u00edtott\u00e1k a verseny elej\u00e9t, amelyek miatt a gy\u0151riek a mez\u0151ny v\u00e9g\u00e9n ragadtak. A futam m\u00e1sodik fel\u00e9t\u0151l hatalmas felz\u00e1rk\u00f3z\u00e1ssal siker\u00fclt az \u00e9lre t\u00f6rni\u00fck, h\u00e9t \u00f3r\u00e1val a verseny v\u00e9ge el\u0151tt pedig \u00e1tvett\u00e9k a vezet\u00e9st. Egy \u00fajabb biztons\u00e1gi aut\u00f3s szakasz azt\u00e1n \u00f6sszer\u00e1zta a mez\u0151nyt, \u00e9s a verseny utols\u00f3 \u00f3r\u00e1iban l\u00e1tv\u00e1nyos p\u00e1rharc bontakozott ki. Hab\u00e1r a gy\u0151ri egyetem csapata sok\u00e1ig gy\u0151zelemre is es\u00e9lyes volt, a versenyt v\u00e9g\u00fcl a nyolcadik helyen z\u00e1rta.<\/span><\/p>\n<\/div>\n<div data-breakout=\"normal\">\n<p id=\"viewer-wg2kf352\" class=\"_04qQG jtShe _3GmD8 UGHSE\" dir=\"auto\"><span class=\"mVzZr _3GmD8\">A SZESE E-Sport k\u00f6vetkez\u0151 megm\u00e9rettet\u00e9s\u00e9re nem kell sokat v\u00e1rni: j\u00fanius 28-\u00e1n, szombaton \u00fajra rajthoz \u00e1ll a csapat a Watkins Glen 6 \u00f3r\u00e1s futamon, ahol a versenyz\u0151k ism\u00e9t nemzetk\u00f6zi szinten bizony\u00edthatj\u00e1k tud\u00e1sukat. <\/span><\/p>\n<\/div>\n<p dir=\"auto\">Akit \u00e9rdekel az egyetemi e-sport alakul\u00e1sa, nyomon k\u00f6vetheti azt a SZESE E-Sport <a class=\"WAzZp aiPD3\" href=\"https:\/\/www.facebook.com\/esportszese\" target=\"_blank\" rel=\"noopener\" data-hook=\"web-link\"><u>Facebook<\/u><\/a>-, <a class=\"WAzZp aiPD3\" href=\"https:\/\/instagram.com\/szeseesport\" target=\"_blank\" rel=\"noopener\" data-hook=\"web-link\"><u>Instagram<\/u><\/a>-, <a class=\"WAzZp aiPD3\" href=\"https:\/\/www.tiktok.com\/@szeseesport\" target=\"_blank\" rel=\"noopener\" data-hook=\"web-link\"><u>TikTok<\/u><\/a>-, <a class=\"WAzZp aiPD3\" href=\"https:\/\/www.twitch.tv\/szeseesport\" target=\"_blank\" rel=\"noopener\" data-hook=\"web-link\"><u>Twitch<\/u><\/a>&#8211; \u00e9s <a class=\"WAzZp aiPD3\" href=\"https:\/\/discord.com\/invite\/Hu9hYUK8Dc\" target=\"_blank\" rel=\"noopener\" data-hook=\"web-link\"><u>Discord<\/u><\/a>-csatorn\u00e1in.<\/p>\n<\/div><\/div><\/div><\/div><\/div>","protected":false},"excerpt":{"rendered":"","protected":false},"author":6,"featured_media":4888,"comment_status":"closed","ping_status":"closed","sticky":false,"template":"","format":"standard","meta":{"_acf_changed":false,"_monsterinsights_skip_tracking":false,"_monsterinsights_sitenote_active":false,"_monsterinsights_sitenote_note":"","_monsterinsights_sitenote_category":0,"_price":"","_stock":"","_tribe_ticket_header":"","_tribe_default_ticket_provider":"","_tribe_ticket_capacity":"0","_ticket_start_date":"","_ticket_end_date":"","_tribe_ticket_show_description":"","_tribe_ticket_show_not_going":false,"_tribe_ticket_use_global_stock":"","_tribe_ticket_global_stock_level":"","_global_stock_mode":"","_global_stock_cap":"","_tribe_rsvp_for_event":"","_tribe_ticket_going_count":"","_tribe_ticket_not_going_count":"","_tribe_tickets_list":"[]","_tribe_ticket_has_attendee_info_fields":false,"footnotes":""},"categories":[10,13],"tags":[],"class_list":["post-4886","post","type-post","status-publish","format-standard","has-post-thumbnail","hentry","category-eredmenyek","category-szimulator"],"acf":[],"aioseo_notices":[],"_links":{"self":[{"href":"https:\/\/esport.sze.hu\/en\/wp-json\/wp\/v2\/posts\/4886","targetHints":{"allow":["GET"]}}],"collection":[{"href":"https:\/\/esport.sze.hu\/en\/wp-json\/wp\/v2\/posts"}],"about":[{"href":"https:\/\/esport.sze.hu\/en\/wp-json\/wp\/v2\/types\/post"}],"author":[{"embeddable":true,"href":"https:\/\/esport.sze.hu\/en\/wp-json\/wp\/v2\/users\/6"}],"replies":[{"embeddable":true,"href":"https:\/\/esport.sze.hu\/en\/wp-json\/wp\/v2\/comments?post=4886"}],"version-history":[{"count":4,"href":"https:\/\/esport.sze.hu\/en\/wp-json\/wp\/v2\/posts\/4886\/revisions"}],"predecessor-version":[{"id":4893,"href":"https:\/\/esport.sze.hu\/en\/wp-json\/wp\/v2\/posts\/4886\/revisions\/4893"}],"wp:featuredmedia":[{"embeddable":true,"href":"https:\/\/esport.sze.hu\/en\/wp-json\/wp\/v2\/media\/4888"}],"wp:attachment":[{"href":"https:\/\/esport.sze.hu\/en\/wp-json\/wp\/v2\/media?parent=4886"}],"wp:term":[{"taxonomy":"category","embeddable":true,"href":"https:\/\/esport.sze.hu\/en\/wp-json\/wp\/v2\/categories?post=4886"},{"taxonomy":"post_tag","embeddable":true,"href":"https:\/\/esport.sze.hu\/en\/wp-json\/wp\/v2\/tags?post=4886"}],"curies":[{"name":"wp","href":"https:\/\/api.w.org\/{rel}","templated":true}]}}